{"id":462,"date":"2021-07-22T10:50:53","date_gmt":"2021-07-22T10:50:53","guid":{"rendered":"https:\/\/ritmoformentera.com\/revista-telva-com-el-nuevo-place-to-be-de-formentera-este-verano\/"},"modified":"2021-09-29T17:34:03","modified_gmt":"2021-09-29T17:34:03","slug":"revista-telva-com-el-nuevo-place-to-be-de-formentera-este-verano","status":"publish","type":"post","link":"https:\/\/ritmoformentera.com\/en\/revista-telva-com-el-nuevo-place-to-be-de-formentera-este-verano\/","title":{"rendered":"Revista TELVA.com. El nuevo &#8220;Place to be&#8221; de Formentera este verano"},"content":{"rendered":"<p>CONSUELO MALUMBRES<br \/>\n16\/07\/2021 &#8211; 10:10<br \/>\nRITMO, ubicado en el coraz\u00f3n de la isla pitiusa, el centro de Sant Ferr\u00e1n de Ses Roques, se convierte en tu mejor plan de verano.<\/p>\n<p>Despu\u00e9s de pasar el d\u00eda en las paradis\u00edacas playas de la isla de Formentera, RITMO se convierte en el espacio de moda al que acudir para disfrutar relajadamente de una maravillosa puesta de sol y animarse a medida que la noche mediterr\u00e1nea va cogiendo protagonismo&#8230;.<\/p>\n<p><a href=\"https:\/\/www.telva.com\/estilo-vida\/restaurantes\/2021\/07\/16\/60eecfc701a2f1254d8b4623.html\" target=\"_blank\" rel=\"noopener\">Leer art\u00edculo en TELVA.com<\/a><\/p>\n","protected":false},"excerpt":{"rendered":"<p>CONSUELO MALUMBRES 16\/07\/2021 &#8211; 10:10 RITMO, ubicado en el coraz\u00f3n de la isla pitiusa, el centro de Sant Ferr\u00e1n de Ses Roques, se convierte en tu mejor plan de verano. Despu\u00e9s de pasar el d\u00eda en las paradis\u00edacas playas de la isla de Formentera, RITMO se convierte en el espacio de moda al que acudir [&hellip;]<\/p>\n","protected":false},"author":1,"featured_media":463,"comment_status":"closed","ping_status":"open","sticky":false,"template":"","format":"standard","meta":{"footnotes":""},"categories":[18],"tags":[22],"class_list":["post-462","post","type-post","status-publish","format-standard","has-post-thumbnail","hentry","category-prensa-en","tag-revista-telva-en"],"yoast_head":"<!-- This site is optimized with the Yoast SEO plugin v22.5 - https:\/\/yoast.com\/wordpress\/plugins\/seo\/ -->\n<title>Ritmo Formentera. Cocktail &amp; Dinner Experience Ritmo Formentera<\/title>\n<meta name=\"description\" content=\"Exquisita gastronom\u00eda, los mejores cocktails, fiestas exclusivas y \u2026 \u00a1mucho m\u00e1s! En el coraz\u00f3n de Formentera.\" \/>\n<meta name=\"robots\" content=\"index, follow, max-snippet:-1, max-image-preview:large, max-video-preview:-1\" \/>\n<link rel=\"canonical\" href=\"https:\/\/ritmoformentera.com\/en\/revista-telva-com-el-nuevo-place-to-be-de-formentera-este-verano\/\" \/>\n<meta property=\"og:locale\" content=\"en_US\" \/>\n<meta property=\"og:type\" content=\"article\" \/>\n<meta property=\"og:title\" content=\"Ritmo Formentera. Cocktail &amp; Dinner Experience Ritmo Formentera\" \/>\n<meta property=\"og:description\" content=\"Exquisita gastronom\u00eda, los mejores cocktails, fiestas exclusivas y \u2026 \u00a1mucho m\u00e1s! En el coraz\u00f3n de Formentera.\" \/>\n<meta property=\"og:url\" content=\"https:\/\/ritmoformentera.com\/en\/revista-telva-com-el-nuevo-place-to-be-de-formentera-este-verano\/\" \/>\n<meta property=\"og:site_name\" content=\"Ritmo Formentera. Cocktail &amp; Dinner Experience\" \/>\n<meta property=\"article:published_time\" content=\"2021-07-22T10:50:53+00:00\" \/>\n<meta property=\"article:modified_time\" content=\"2021-09-29T17:34:03+00:00\" \/>\n<meta property=\"og:image\" content=\"https:\/\/ritmoformentera.com\/wp-content\/uploads\/2021\/07\/noticia_telva.jpg\" \/>\n\t<meta property=\"og:image:width\" content=\"670\" \/>\n\t<meta property=\"og:image:height\" content=\"838\" \/>\n\t<meta property=\"og:image:type\" content=\"image\/jpeg\" \/>\n<meta name=\"author\" content=\"administrador\" \/>\n<meta name=\"twitter:card\" content=\"summary_large_image\" \/>\n<meta name=\"twitter:label1\" content=\"Written by\" \/>\n\t<meta name=\"twitter:data1\" content=\"administrador\" \/>\n<script type=\"application\/ld+json\" class=\"yoast-schema-graph\">{\"@context\":\"https:\/\/schema.org\",\"@graph\":[{\"@type\":\"Article\",\"@id\":\"https:\/\/ritmoformentera.com\/en\/revista-telva-com-el-nuevo-place-to-be-de-formentera-este-verano\/#article\",\"isPartOf\":{\"@id\":\"https:\/\/ritmoformentera.com\/en\/revista-telva-com-el-nuevo-place-to-be-de-formentera-este-verano\/\"},\"author\":{\"name\":\"administrador\",\"@id\":\"https:\/\/ritmoformentera.com\/en\/#\/schema\/person\/f0b305950380b38a14cad855167eca77\"},\"headline\":\"Revista TELVA.com. El nuevo &#8220;Place to be&#8221; de Formentera este verano\",\"datePublished\":\"2021-07-22T10:50:53+00:00\",\"dateModified\":\"2021-09-29T17:34:03+00:00\",\"mainEntityOfPage\":{\"@id\":\"https:\/\/ritmoformentera.com\/en\/revista-telva-com-el-nuevo-place-to-be-de-formentera-este-verano\/\"},\"wordCount\":97,\"publisher\":{\"@id\":\"https:\/\/ritmoformentera.com\/en\/#organization\"},\"image\":{\"@id\":\"https:\/\/ritmoformentera.com\/en\/revista-telva-com-el-nuevo-place-to-be-de-formentera-este-verano\/#primaryimage\"},\"thumbnailUrl\":\"https:\/\/ritmoformentera.com\/wp-content\/uploads\/2021\/07\/noticia_telva.jpg\",\"keywords\":[\"Revista TELVA\"],\"articleSection\":[\"Press\"],\"inLanguage\":\"en-US\"},{\"@type\":\"WebPage\",\"@id\":\"https:\/\/ritmoformentera.com\/en\/revista-telva-com-el-nuevo-place-to-be-de-formentera-este-verano\/\",\"url\":\"https:\/\/ritmoformentera.com\/en\/revista-telva-com-el-nuevo-place-to-be-de-formentera-este-verano\/\",\"name\":\"Ritmo Formentera. Cocktail &amp; Dinner Experience Ritmo Formentera\",\"isPartOf\":{\"@id\":\"https:\/\/ritmoformentera.com\/en\/#website\"},\"primaryImageOfPage\":{\"@id\":\"https:\/\/ritmoformentera.com\/en\/revista-telva-com-el-nuevo-place-to-be-de-formentera-este-verano\/#primaryimage\"},\"image\":{\"@id\":\"https:\/\/ritmoformentera.com\/en\/revista-telva-com-el-nuevo-place-to-be-de-formentera-este-verano\/#primaryimage\"},\"thumbnailUrl\":\"https:\/\/ritmoformentera.com\/wp-content\/uploads\/2021\/07\/noticia_telva.jpg\",\"datePublished\":\"2021-07-22T10:50:53+00:00\",\"dateModified\":\"2021-09-29T17:34:03+00:00\",\"description\":\"Exquisita gastronom\u00eda, los mejores cocktails, fiestas exclusivas y \u2026 \u00a1mucho m\u00e1s! En el coraz\u00f3n de Formentera.\",\"breadcrumb\":{\"@id\":\"https:\/\/ritmoformentera.com\/en\/revista-telva-com-el-nuevo-place-to-be-de-formentera-este-verano\/#breadcrumb\"},\"inLanguage\":\"en-US\",\"potentialAction\":[{\"@type\":\"ReadAction\",\"target\":[\"https:\/\/ritmoformentera.com\/en\/revista-telva-com-el-nuevo-place-to-be-de-formentera-este-verano\/\"]}]},{\"@type\":\"ImageObject\",\"inLanguage\":\"en-US\",\"@id\":\"https:\/\/ritmoformentera.com\/en\/revista-telva-com-el-nuevo-place-to-be-de-formentera-este-verano\/#primaryimage\",\"url\":\"https:\/\/ritmoformentera.com\/wp-content\/uploads\/2021\/07\/noticia_telva.jpg\",\"contentUrl\":\"https:\/\/ritmoformentera.com\/wp-content\/uploads\/2021\/07\/noticia_telva.jpg\",\"width\":670,\"height\":838,\"caption\":\"Revista Telva Ritmo Formentera\"},{\"@type\":\"BreadcrumbList\",\"@id\":\"https:\/\/ritmoformentera.com\/en\/revista-telva-com-el-nuevo-place-to-be-de-formentera-este-verano\/#breadcrumb\",\"itemListElement\":[{\"@type\":\"ListItem\",\"position\":1,\"name\":\"Portada\",\"item\":\"https:\/\/ritmoformentera.com\/en\/\"},{\"@type\":\"ListItem\",\"position\":2,\"name\":\"Revista TELVA.com. El nuevo \u00abPlace to be\u00bb de Formentera este verano\"}]},{\"@type\":\"WebSite\",\"@id\":\"https:\/\/ritmoformentera.com\/en\/#website\",\"url\":\"https:\/\/ritmoformentera.com\/en\/\",\"name\":\"Ritmo Formentera. Cocktail &amp; Dinner Experience\",\"description\":\"Ritmo Formentera. Cocktail &amp; Dinner Experience\",\"publisher\":{\"@id\":\"https:\/\/ritmoformentera.com\/en\/#organization\"},\"potentialAction\":[{\"@type\":\"SearchAction\",\"target\":{\"@type\":\"EntryPoint\",\"urlTemplate\":\"https:\/\/ritmoformentera.com\/en\/?s={search_term_string}\"},\"query-input\":\"required name=search_term_string\"}],\"inLanguage\":\"en-US\"},{\"@type\":\"Organization\",\"@id\":\"https:\/\/ritmoformentera.com\/en\/#organization\",\"name\":\"Ritmo Formentera\",\"url\":\"https:\/\/ritmoformentera.com\/en\/\",\"logo\":{\"@type\":\"ImageObject\",\"inLanguage\":\"en-US\",\"@id\":\"https:\/\/ritmoformentera.com\/en\/#\/schema\/logo\/image\/\",\"url\":\"https:\/\/ritmoformentera.com\/wp-content\/uploads\/2022\/06\/marca_composiciones_mesa-de-trabajo-1-1.png\",\"contentUrl\":\"https:\/\/ritmoformentera.com\/wp-content\/uploads\/2022\/06\/marca_composiciones_mesa-de-trabajo-1-1.png\",\"width\":866,\"height\":425,\"caption\":\"Ritmo Formentera\"},\"image\":{\"@id\":\"https:\/\/ritmoformentera.com\/en\/#\/schema\/logo\/image\/\"}},{\"@type\":\"Person\",\"@id\":\"https:\/\/ritmoformentera.com\/en\/#\/schema\/person\/f0b305950380b38a14cad855167eca77\",\"name\":\"administrador\",\"image\":{\"@type\":\"ImageObject\",\"inLanguage\":\"en-US\",\"@id\":\"https:\/\/ritmoformentera.com\/en\/#\/schema\/person\/image\/\",\"url\":\"https:\/\/secure.gravatar.com\/avatar\/a0aa2d1d7a2db1ff65f9e317672789bf43b37b785ad81cf6d137af51b60b1ac6?s=96&d=mm&r=g\",\"contentUrl\":\"https:\/\/secure.gravatar.com\/avatar\/a0aa2d1d7a2db1ff65f9e317672789bf43b37b785ad81cf6d137af51b60b1ac6?s=96&d=mm&r=g\",\"caption\":\"administrador\"},\"sameAs\":[\"https:\/\/ritmoformentera.com\"],\"url\":\"https:\/\/ritmoformentera.com\/en\/author\/administrador\/\"}]}<\/script>\n<!-- \/ Yoast SEO plugin. -->","yoast_head_json":{"title":"Ritmo Formentera. Cocktail &amp; Dinner Experience Ritmo Formentera","description":"Exquisita gastronom\u00eda, los mejores cocktails, fiestas exclusivas y \u2026 \u00a1mucho m\u00e1s! En el coraz\u00f3n de Formentera.","robots":{"index":"index","follow":"follow","max-snippet":"max-snippet:-1","max-image-preview":"max-image-preview:large","max-video-preview":"max-video-preview:-1"},"canonical":"https:\/\/ritmoformentera.com\/en\/revista-telva-com-el-nuevo-place-to-be-de-formentera-este-verano\/","og_locale":"en_US","og_type":"article","og_title":"Ritmo Formentera. Cocktail &amp; Dinner Experience Ritmo Formentera","og_description":"Exquisita gastronom\u00eda, los mejores cocktails, fiestas exclusivas y \u2026 \u00a1mucho m\u00e1s! En el coraz\u00f3n de Formentera.","og_url":"https:\/\/ritmoformentera.com\/en\/revista-telva-com-el-nuevo-place-to-be-de-formentera-este-verano\/","og_site_name":"Ritmo Formentera. Cocktail &amp; Dinner Experience","article_published_time":"2021-07-22T10:50:53+00:00","article_modified_time":"2021-09-29T17:34:03+00:00","og_image":[{"width":670,"height":838,"url":"https:\/\/ritmoformentera.com\/wp-content\/uploads\/2021\/07\/noticia_telva.jpg","type":"image\/jpeg"}],"author":"administrador","twitter_card":"summary_large_image","twitter_misc":{"Written by":"administrador"},"schema":{"@context":"https:\/\/schema.org","@graph":[{"@type":"Article","@id":"https:\/\/ritmoformentera.com\/en\/revista-telva-com-el-nuevo-place-to-be-de-formentera-este-verano\/#article","isPartOf":{"@id":"https:\/\/ritmoformentera.com\/en\/revista-telva-com-el-nuevo-place-to-be-de-formentera-este-verano\/"},"author":{"name":"administrador","@id":"https:\/\/ritmoformentera.com\/en\/#\/schema\/person\/f0b305950380b38a14cad855167eca77"},"headline":"Revista TELVA.com. El nuevo &#8220;Place to be&#8221; de Formentera este verano","datePublished":"2021-07-22T10:50:53+00:00","dateModified":"2021-09-29T17:34:03+00:00","mainEntityOfPage":{"@id":"https:\/\/ritmoformentera.com\/en\/revista-telva-com-el-nuevo-place-to-be-de-formentera-este-verano\/"},"wordCount":97,"publisher":{"@id":"https:\/\/ritmoformentera.com\/en\/#organization"},"image":{"@id":"https:\/\/ritmoformentera.com\/en\/revista-telva-com-el-nuevo-place-to-be-de-formentera-este-verano\/#primaryimage"},"thumbnailUrl":"https:\/\/ritmoformentera.com\/wp-content\/uploads\/2021\/07\/noticia_telva.jpg","keywords":["Revista TELVA"],"articleSection":["Press"],"inLanguage":"en-US"},{"@type":"WebPage","@id":"https:\/\/ritmoformentera.com\/en\/revista-telva-com-el-nuevo-place-to-be-de-formentera-este-verano\/","url":"https:\/\/ritmoformentera.com\/en\/revista-telva-com-el-nuevo-place-to-be-de-formentera-este-verano\/","name":"Ritmo Formentera. Cocktail &amp; Dinner Experience Ritmo Formentera","isPartOf":{"@id":"https:\/\/ritmoformentera.com\/en\/#website"},"primaryImageOfPage":{"@id":"https:\/\/ritmoformentera.com\/en\/revista-telva-com-el-nuevo-place-to-be-de-formentera-este-verano\/#primaryimage"},"image":{"@id":"https:\/\/ritmoformentera.com\/en\/revista-telva-com-el-nuevo-place-to-be-de-formentera-este-verano\/#primaryimage"},"thumbnailUrl":"https:\/\/ritmoformentera.com\/wp-content\/uploads\/2021\/07\/noticia_telva.jpg","datePublished":"2021-07-22T10:50:53+00:00","dateModified":"2021-09-29T17:34:03+00:00","description":"Exquisita gastronom\u00eda, los mejores cocktails, fiestas exclusivas y \u2026 \u00a1mucho m\u00e1s! En el coraz\u00f3n de Formentera.","breadcrumb":{"@id":"https:\/\/ritmoformentera.com\/en\/revista-telva-com-el-nuevo-place-to-be-de-formentera-este-verano\/#breadcrumb"},"inLanguage":"en-US","potentialAction":[{"@type":"ReadAction","target":["https:\/\/ritmoformentera.com\/en\/revista-telva-com-el-nuevo-place-to-be-de-formentera-este-verano\/"]}]},{"@type":"ImageObject","inLanguage":"en-US","@id":"https:\/\/ritmoformentera.com\/en\/revista-telva-com-el-nuevo-place-to-be-de-formentera-este-verano\/#primaryimage","url":"https:\/\/ritmoformentera.com\/wp-content\/uploads\/2021\/07\/noticia_telva.jpg","contentUrl":"https:\/\/ritmoformentera.com\/wp-content\/uploads\/2021\/07\/noticia_telva.jpg","width":670,"height":838,"caption":"Revista Telva Ritmo Formentera"},{"@type":"BreadcrumbList","@id":"https:\/\/ritmoformentera.com\/en\/revista-telva-com-el-nuevo-place-to-be-de-formentera-este-verano\/#breadcrumb","itemListElement":[{"@type":"ListItem","position":1,"name":"Portada","item":"https:\/\/ritmoformentera.com\/en\/"},{"@type":"ListItem","position":2,"name":"Revista TELVA.com. El nuevo \u00abPlace to be\u00bb de Formentera este verano"}]},{"@type":"WebSite","@id":"https:\/\/ritmoformentera.com\/en\/#website","url":"https:\/\/ritmoformentera.com\/en\/","name":"Ritmo Formentera. Cocktail &amp; Dinner Experience","description":"Ritmo Formentera. Cocktail &amp; Dinner Experience","publisher":{"@id":"https:\/\/ritmoformentera.com\/en\/#organization"},"potentialAction":[{"@type":"SearchAction","target":{"@type":"EntryPoint","urlTemplate":"https:\/\/ritmoformentera.com\/en\/?s={search_term_string}"},"query-input":"required name=search_term_string"}],"inLanguage":"en-US"},{"@type":"Organization","@id":"https:\/\/ritmoformentera.com\/en\/#organization","name":"Ritmo Formentera","url":"https:\/\/ritmoformentera.com\/en\/","logo":{"@type":"ImageObject","inLanguage":"en-US","@id":"https:\/\/ritmoformentera.com\/en\/#\/schema\/logo\/image\/","url":"https:\/\/ritmoformentera.com\/wp-content\/uploads\/2022\/06\/marca_composiciones_mesa-de-trabajo-1-1.png","contentUrl":"https:\/\/ritmoformentera.com\/wp-content\/uploads\/2022\/06\/marca_composiciones_mesa-de-trabajo-1-1.png","width":866,"height":425,"caption":"Ritmo Formentera"},"image":{"@id":"https:\/\/ritmoformentera.com\/en\/#\/schema\/logo\/image\/"}},{"@type":"Person","@id":"https:\/\/ritmoformentera.com\/en\/#\/schema\/person\/f0b305950380b38a14cad855167eca77","name":"administrador","image":{"@type":"ImageObject","inLanguage":"en-US","@id":"https:\/\/ritmoformentera.com\/en\/#\/schema\/person\/image\/","url":"https:\/\/secure.gravatar.com\/avatar\/a0aa2d1d7a2db1ff65f9e317672789bf43b37b785ad81cf6d137af51b60b1ac6?s=96&d=mm&r=g","contentUrl":"https:\/\/secure.gravatar.com\/avatar\/a0aa2d1d7a2db1ff65f9e317672789bf43b37b785ad81cf6d137af51b60b1ac6?s=96&d=mm&r=g","caption":"administrador"},"sameAs":["https:\/\/ritmoformentera.com"],"url":"https:\/\/ritmoformentera.com\/en\/author\/administrador\/"}]}},"_links":{"self":[{"href":"https:\/\/ritmoformentera.com\/en\/wp-json\/wp\/v2\/posts\/462","targetHints":{"allow":["GET"]}}],"collection":[{"href":"https:\/\/ritmoformentera.com\/en\/wp-json\/wp\/v2\/posts"}],"about":[{"href":"https:\/\/ritmoformentera.com\/en\/wp-json\/wp\/v2\/types\/post"}],"author":[{"embeddable":true,"href":"https:\/\/ritmoformentera.com\/en\/wp-json\/wp\/v2\/users\/1"}],"replies":[{"embeddable":true,"href":"https:\/\/ritmoformentera.com\/en\/wp-json\/wp\/v2\/comments?post=462"}],"version-history":[{"count":0,"href":"https:\/\/ritmoformentera.com\/en\/wp-json\/wp\/v2\/posts\/462\/revisions"}],"wp:featuredmedia":[{"embeddable":true,"href":"https:\/\/ritmoformentera.com\/en\/wp-json\/wp\/v2\/media\/463"}],"wp:attachment":[{"href":"https:\/\/ritmoformentera.com\/en\/wp-json\/wp\/v2\/media?parent=462"}],"wp:term":[{"taxonomy":"category","embeddable":true,"href":"https:\/\/ritmoformentera.com\/en\/wp-json\/wp\/v2\/categories?post=462"},{"taxonomy":"post_tag","embeddable":true,"href":"https:\/\/ritmoformentera.com\/en\/wp-json\/wp\/v2\/tags?post=462"}],"curies":[{"name":"wp","href":"https:\/\/api.w.org\/{rel}","templated":true}]}}