{"id":459,"date":"2021-07-22T10:55:31","date_gmt":"2021-07-22T10:55:31","guid":{"rendered":"https:\/\/ritmoformentera.com\/revista-yodona-una-experiencia-gourmet-en-la-playa-ritmo-formentera-y-tres-terrazas-para-un-verano-en-el-cielo-de-madrid\/"},"modified":"2021-09-29T17:33:09","modified_gmt":"2021-09-29T17:33:09","slug":"revista-yodona-una-experiencia-gourmet-en-la-playa-ritmo-formentera-y-tres-terrazas-para-un-verano-en-el-cielo-de-madrid","status":"publish","type":"post","link":"https:\/\/ritmoformentera.com\/en\/revista-yodona-una-experiencia-gourmet-en-la-playa-ritmo-formentera-y-tres-terrazas-para-un-verano-en-el-cielo-de-madrid\/","title":{"rendered":"Revista YoDona. Una experiencia gourmet en la playa, Ritmo Formentera, y tres terrazas para un verano en el cielo de Madrid"},"content":{"rendered":"<p>MARISA DEL BOSQUE<br \/>\nViernes, 16 julio 2021 &#8211; 23:50<\/p>\n<p>&#8230; Este nuevo restaurante en el coraz\u00f3n de Formentera ocupa un edificio de dos plantas en el centro de Sant Ferr\u00e1n de Ses Roques y transmite la esencia de la isla con una decoraci\u00f3n t\u00edpicamente mediterr\u00e1nea con materiales naturales como el barro, la madera, el yute y los tonos terracota&#8230;<\/p>\n<p><a href=\"https:\/\/www.elmundo.es\/yodona\/lifestyle\/2021\/07\/16\/60f033acfdddff56308b4654.html\" target=\"_blank\" rel=\"noopener\">Leer art\u00edculo en YoDona<\/a><\/p>\n","protected":false},"excerpt":{"rendered":"<p>MARISA DEL BOSQUE Viernes, 16 julio 2021 &#8211; 23:50 &#8230; Este nuevo restaurante en el coraz\u00f3n de Formentera ocupa un edificio de dos plantas en el centro de Sant Ferr\u00e1n de Ses Roques y transmite la esencia de la isla con una decoraci\u00f3n t\u00edpicamente mediterr\u00e1nea con materiales naturales como el barro, la madera, el yute [&hellip;]<\/p>\n","protected":false},"author":1,"featured_media":350,"comment_status":"closed","ping_status":"open","sticky":false,"template":"","format":"standard","meta":{"footnotes":""},"categories":[18],"tags":[21],"class_list":["post-459","post","type-post","status-publish","format-standard","has-post-thumbnail","hentry","category-prensa-en","tag-revista-yodona-en"],"yoast_head":"<!-- This site is optimized with the Yoast SEO plugin v22.5 - https:\/\/yoast.com\/wordpress\/plugins\/seo\/ -->\n<title>Ritmo Formentera. Cocktail &amp; Dinner Experience Ritmo Formentera<\/title>\n<meta name=\"description\" content=\"Exquisita gastronom\u00eda, los mejores cocktails, fiestas exclusivas y \u2026 \u00a1mucho m\u00e1s! En el coraz\u00f3n de Formentera.\" \/>\n<meta name=\"robots\" content=\"index, follow, max-snippet:-1, max-image-preview:large, max-video-preview:-1\" \/>\n<link rel=\"canonical\" href=\"https:\/\/ritmoformentera.com\/en\/revista-yodona-una-experiencia-gourmet-en-la-playa-ritmo-formentera-y-tres-terrazas-para-un-verano-en-el-cielo-de-madrid\/\" \/>\n<meta property=\"og:locale\" content=\"en_US\" \/>\n<meta property=\"og:type\" content=\"article\" \/>\n<meta property=\"og:title\" content=\"Ritmo Formentera. Cocktail &amp; Dinner Experience Ritmo Formentera\" \/>\n<meta property=\"og:description\" content=\"Exquisita gastronom\u00eda, los mejores cocktails, fiestas exclusivas y \u2026 \u00a1mucho m\u00e1s! En el coraz\u00f3n de Formentera.\" \/>\n<meta property=\"og:url\" content=\"https:\/\/ritmoformentera.com\/en\/revista-yodona-una-experiencia-gourmet-en-la-playa-ritmo-formentera-y-tres-terrazas-para-un-verano-en-el-cielo-de-madrid\/\" \/>\n<meta property=\"og:site_name\" content=\"Ritmo Formentera. Cocktail &amp; Dinner Experience\" \/>\n<meta property=\"article:published_time\" content=\"2021-07-22T10:55:31+00:00\" \/>\n<meta property=\"article:modified_time\" content=\"2021-09-29T17:33:09+00:00\" \/>\n<meta property=\"og:image\" content=\"https:\/\/ritmoformentera.com\/wp-content\/uploads\/2021\/07\/fondo_portada_06.jpg\" \/>\n\t<meta property=\"og:image:width\" content=\"1000\" \/>\n\t<meta property=\"og:image:height\" content=\"1000\" \/>\n\t<meta property=\"og:image:type\" content=\"image\/jpeg\" \/>\n<meta name=\"author\" content=\"administrador\" \/>\n<meta name=\"twitter:card\" content=\"summary_large_image\" \/>\n<meta name=\"twitter:label1\" content=\"Written by\" \/>\n\t<meta name=\"twitter:data1\" content=\"administrador\" \/>\n<script type=\"application\/ld+json\" class=\"yoast-schema-graph\">{\"@context\":\"https:\/\/schema.org\",\"@graph\":[{\"@type\":\"Article\",\"@id\":\"https:\/\/ritmoformentera.com\/en\/revista-yodona-una-experiencia-gourmet-en-la-playa-ritmo-formentera-y-tres-terrazas-para-un-verano-en-el-cielo-de-madrid\/#article\",\"isPartOf\":{\"@id\":\"https:\/\/ritmoformentera.com\/en\/revista-yodona-una-experiencia-gourmet-en-la-playa-ritmo-formentera-y-tres-terrazas-para-un-verano-en-el-cielo-de-madrid\/\"},\"author\":{\"name\":\"administrador\",\"@id\":\"https:\/\/ritmoformentera.com\/en\/#\/schema\/person\/f0b305950380b38a14cad855167eca77\"},\"headline\":\"Revista YoDona. Una experiencia gourmet en la playa, Ritmo Formentera, y tres terrazas para un verano en el cielo de Madrid\",\"datePublished\":\"2021-07-22T10:55:31+00:00\",\"dateModified\":\"2021-09-29T17:33:09+00:00\",\"mainEntityOfPage\":{\"@id\":\"https:\/\/ritmoformentera.com\/en\/revista-yodona-una-experiencia-gourmet-en-la-playa-ritmo-formentera-y-tres-terrazas-para-un-verano-en-el-cielo-de-madrid\/\"},\"wordCount\":86,\"publisher\":{\"@id\":\"https:\/\/ritmoformentera.com\/en\/#organization\"},\"image\":{\"@id\":\"https:\/\/ritmoformentera.com\/en\/revista-yodona-una-experiencia-gourmet-en-la-playa-ritmo-formentera-y-tres-terrazas-para-un-verano-en-el-cielo-de-madrid\/#primaryimage\"},\"thumbnailUrl\":\"https:\/\/ritmoformentera.com\/wp-content\/uploads\/2021\/07\/fondo_portada_06.jpg\",\"keywords\":[\"Revista YoDona\"],\"articleSection\":[\"Press\"],\"inLanguage\":\"en-US\"},{\"@type\":\"WebPage\",\"@id\":\"https:\/\/ritmoformentera.com\/en\/revista-yodona-una-experiencia-gourmet-en-la-playa-ritmo-formentera-y-tres-terrazas-para-un-verano-en-el-cielo-de-madrid\/\",\"url\":\"https:\/\/ritmoformentera.com\/en\/revista-yodona-una-experiencia-gourmet-en-la-playa-ritmo-formentera-y-tres-terrazas-para-un-verano-en-el-cielo-de-madrid\/\",\"name\":\"Ritmo Formentera. Cocktail &amp; Dinner Experience Ritmo Formentera\",\"isPartOf\":{\"@id\":\"https:\/\/ritmoformentera.com\/en\/#website\"},\"primaryImageOfPage\":{\"@id\":\"https:\/\/ritmoformentera.com\/en\/revista-yodona-una-experiencia-gourmet-en-la-playa-ritmo-formentera-y-tres-terrazas-para-un-verano-en-el-cielo-de-madrid\/#primaryimage\"},\"image\":{\"@id\":\"https:\/\/ritmoformentera.com\/en\/revista-yodona-una-experiencia-gourmet-en-la-playa-ritmo-formentera-y-tres-terrazas-para-un-verano-en-el-cielo-de-madrid\/#primaryimage\"},\"thumbnailUrl\":\"https:\/\/ritmoformentera.com\/wp-content\/uploads\/2021\/07\/fondo_portada_06.jpg\",\"datePublished\":\"2021-07-22T10:55:31+00:00\",\"dateModified\":\"2021-09-29T17:33:09+00:00\",\"description\":\"Exquisita gastronom\u00eda, los mejores cocktails, fiestas exclusivas y \u2026 \u00a1mucho m\u00e1s! En el coraz\u00f3n de Formentera.\",\"breadcrumb\":{\"@id\":\"https:\/\/ritmoformentera.com\/en\/revista-yodona-una-experiencia-gourmet-en-la-playa-ritmo-formentera-y-tres-terrazas-para-un-verano-en-el-cielo-de-madrid\/#breadcrumb\"},\"inLanguage\":\"en-US\",\"potentialAction\":[{\"@type\":\"ReadAction\",\"target\":[\"https:\/\/ritmoformentera.com\/en\/revista-yodona-una-experiencia-gourmet-en-la-playa-ritmo-formentera-y-tres-terrazas-para-un-verano-en-el-cielo-de-madrid\/\"]}]},{\"@type\":\"ImageObject\",\"inLanguage\":\"en-US\",\"@id\":\"https:\/\/ritmoformentera.com\/en\/revista-yodona-una-experiencia-gourmet-en-la-playa-ritmo-formentera-y-tres-terrazas-para-un-verano-en-el-cielo-de-madrid\/#primaryimage\",\"url\":\"https:\/\/ritmoformentera.com\/wp-content\/uploads\/2021\/07\/fondo_portada_06.jpg\",\"contentUrl\":\"https:\/\/ritmoformentera.com\/wp-content\/uploads\/2021\/07\/fondo_portada_06.jpg\",\"width\":1000,\"height\":1000},{\"@type\":\"BreadcrumbList\",\"@id\":\"https:\/\/ritmoformentera.com\/en\/revista-yodona-una-experiencia-gourmet-en-la-playa-ritmo-formentera-y-tres-terrazas-para-un-verano-en-el-cielo-de-madrid\/#breadcrumb\",\"itemListElement\":[{\"@type\":\"ListItem\",\"position\":1,\"name\":\"Portada\",\"item\":\"https:\/\/ritmoformentera.com\/en\/\"},{\"@type\":\"ListItem\",\"position\":2,\"name\":\"Revista YoDona. Una experiencia gourmet en la playa, Ritmo Formentera, y tres terrazas para un verano en el cielo de Madrid\"}]},{\"@type\":\"WebSite\",\"@id\":\"https:\/\/ritmoformentera.com\/en\/#website\",\"url\":\"https:\/\/ritmoformentera.com\/en\/\",\"name\":\"Ritmo Formentera. Cocktail &amp; Dinner Experience\",\"description\":\"Ritmo Formentera. Cocktail &amp; Dinner Experience\",\"publisher\":{\"@id\":\"https:\/\/ritmoformentera.com\/en\/#organization\"},\"potentialAction\":[{\"@type\":\"SearchAction\",\"target\":{\"@type\":\"EntryPoint\",\"urlTemplate\":\"https:\/\/ritmoformentera.com\/en\/?s={search_term_string}\"},\"query-input\":\"required name=search_term_string\"}],\"inLanguage\":\"en-US\"},{\"@type\":\"Organization\",\"@id\":\"https:\/\/ritmoformentera.com\/en\/#organization\",\"name\":\"Ritmo Formentera\",\"url\":\"https:\/\/ritmoformentera.com\/en\/\",\"logo\":{\"@type\":\"ImageObject\",\"inLanguage\":\"en-US\",\"@id\":\"https:\/\/ritmoformentera.com\/en\/#\/schema\/logo\/image\/\",\"url\":\"https:\/\/ritmoformentera.com\/wp-content\/uploads\/2022\/06\/marca_composiciones_mesa-de-trabajo-1-1.png\",\"contentUrl\":\"https:\/\/ritmoformentera.com\/wp-content\/uploads\/2022\/06\/marca_composiciones_mesa-de-trabajo-1-1.png\",\"width\":866,\"height\":425,\"caption\":\"Ritmo Formentera\"},\"image\":{\"@id\":\"https:\/\/ritmoformentera.com\/en\/#\/schema\/logo\/image\/\"}},{\"@type\":\"Person\",\"@id\":\"https:\/\/ritmoformentera.com\/en\/#\/schema\/person\/f0b305950380b38a14cad855167eca77\",\"name\":\"administrador\",\"image\":{\"@type\":\"ImageObject\",\"inLanguage\":\"en-US\",\"@id\":\"https:\/\/ritmoformentera.com\/en\/#\/schema\/person\/image\/\",\"url\":\"https:\/\/secure.gravatar.com\/avatar\/a0aa2d1d7a2db1ff65f9e317672789bf43b37b785ad81cf6d137af51b60b1ac6?s=96&d=mm&r=g\",\"contentUrl\":\"https:\/\/secure.gravatar.com\/avatar\/a0aa2d1d7a2db1ff65f9e317672789bf43b37b785ad81cf6d137af51b60b1ac6?s=96&d=mm&r=g\",\"caption\":\"administrador\"},\"sameAs\":[\"https:\/\/ritmoformentera.com\"],\"url\":\"https:\/\/ritmoformentera.com\/en\/author\/administrador\/\"}]}<\/script>\n<!-- \/ Yoast SEO plugin. -->","yoast_head_json":{"title":"Ritmo Formentera. Cocktail &amp; Dinner Experience Ritmo Formentera","description":"Exquisita gastronom\u00eda, los mejores cocktails, fiestas exclusivas y \u2026 \u00a1mucho m\u00e1s! En el coraz\u00f3n de Formentera.","robots":{"index":"index","follow":"follow","max-snippet":"max-snippet:-1","max-image-preview":"max-image-preview:large","max-video-preview":"max-video-preview:-1"},"canonical":"https:\/\/ritmoformentera.com\/en\/revista-yodona-una-experiencia-gourmet-en-la-playa-ritmo-formentera-y-tres-terrazas-para-un-verano-en-el-cielo-de-madrid\/","og_locale":"en_US","og_type":"article","og_title":"Ritmo Formentera. Cocktail &amp; Dinner Experience Ritmo Formentera","og_description":"Exquisita gastronom\u00eda, los mejores cocktails, fiestas exclusivas y \u2026 \u00a1mucho m\u00e1s! En el coraz\u00f3n de Formentera.","og_url":"https:\/\/ritmoformentera.com\/en\/revista-yodona-una-experiencia-gourmet-en-la-playa-ritmo-formentera-y-tres-terrazas-para-un-verano-en-el-cielo-de-madrid\/","og_site_name":"Ritmo Formentera. Cocktail &amp; Dinner Experience","article_published_time":"2021-07-22T10:55:31+00:00","article_modified_time":"2021-09-29T17:33:09+00:00","og_image":[{"width":1000,"height":1000,"url":"https:\/\/ritmoformentera.com\/wp-content\/uploads\/2021\/07\/fondo_portada_06.jpg","type":"image\/jpeg"}],"author":"administrador","twitter_card":"summary_large_image","twitter_misc":{"Written by":"administrador"},"schema":{"@context":"https:\/\/schema.org","@graph":[{"@type":"Article","@id":"https:\/\/ritmoformentera.com\/en\/revista-yodona-una-experiencia-gourmet-en-la-playa-ritmo-formentera-y-tres-terrazas-para-un-verano-en-el-cielo-de-madrid\/#article","isPartOf":{"@id":"https:\/\/ritmoformentera.com\/en\/revista-yodona-una-experiencia-gourmet-en-la-playa-ritmo-formentera-y-tres-terrazas-para-un-verano-en-el-cielo-de-madrid\/"},"author":{"name":"administrador","@id":"https:\/\/ritmoformentera.com\/en\/#\/schema\/person\/f0b305950380b38a14cad855167eca77"},"headline":"Revista YoDona. Una experiencia gourmet en la playa, Ritmo Formentera, y tres terrazas para un verano en el cielo de Madrid","datePublished":"2021-07-22T10:55:31+00:00","dateModified":"2021-09-29T17:33:09+00:00","mainEntityOfPage":{"@id":"https:\/\/ritmoformentera.com\/en\/revista-yodona-una-experiencia-gourmet-en-la-playa-ritmo-formentera-y-tres-terrazas-para-un-verano-en-el-cielo-de-madrid\/"},"wordCount":86,"publisher":{"@id":"https:\/\/ritmoformentera.com\/en\/#organization"},"image":{"@id":"https:\/\/ritmoformentera.com\/en\/revista-yodona-una-experiencia-gourmet-en-la-playa-ritmo-formentera-y-tres-terrazas-para-un-verano-en-el-cielo-de-madrid\/#primaryimage"},"thumbnailUrl":"https:\/\/ritmoformentera.com\/wp-content\/uploads\/2021\/07\/fondo_portada_06.jpg","keywords":["Revista YoDona"],"articleSection":["Press"],"inLanguage":"en-US"},{"@type":"WebPage","@id":"https:\/\/ritmoformentera.com\/en\/revista-yodona-una-experiencia-gourmet-en-la-playa-ritmo-formentera-y-tres-terrazas-para-un-verano-en-el-cielo-de-madrid\/","url":"https:\/\/ritmoformentera.com\/en\/revista-yodona-una-experiencia-gourmet-en-la-playa-ritmo-formentera-y-tres-terrazas-para-un-verano-en-el-cielo-de-madrid\/","name":"Ritmo Formentera. Cocktail &amp; Dinner Experience Ritmo Formentera","isPartOf":{"@id":"https:\/\/ritmoformentera.com\/en\/#website"},"primaryImageOfPage":{"@id":"https:\/\/ritmoformentera.com\/en\/revista-yodona-una-experiencia-gourmet-en-la-playa-ritmo-formentera-y-tres-terrazas-para-un-verano-en-el-cielo-de-madrid\/#primaryimage"},"image":{"@id":"https:\/\/ritmoformentera.com\/en\/revista-yodona-una-experiencia-gourmet-en-la-playa-ritmo-formentera-y-tres-terrazas-para-un-verano-en-el-cielo-de-madrid\/#primaryimage"},"thumbnailUrl":"https:\/\/ritmoformentera.com\/wp-content\/uploads\/2021\/07\/fondo_portada_06.jpg","datePublished":"2021-07-22T10:55:31+00:00","dateModified":"2021-09-29T17:33:09+00:00","description":"Exquisita gastronom\u00eda, los mejores cocktails, fiestas exclusivas y \u2026 \u00a1mucho m\u00e1s! En el coraz\u00f3n de Formentera.","breadcrumb":{"@id":"https:\/\/ritmoformentera.com\/en\/revista-yodona-una-experiencia-gourmet-en-la-playa-ritmo-formentera-y-tres-terrazas-para-un-verano-en-el-cielo-de-madrid\/#breadcrumb"},"inLanguage":"en-US","potentialAction":[{"@type":"ReadAction","target":["https:\/\/ritmoformentera.com\/en\/revista-yodona-una-experiencia-gourmet-en-la-playa-ritmo-formentera-y-tres-terrazas-para-un-verano-en-el-cielo-de-madrid\/"]}]},{"@type":"ImageObject","inLanguage":"en-US","@id":"https:\/\/ritmoformentera.com\/en\/revista-yodona-una-experiencia-gourmet-en-la-playa-ritmo-formentera-y-tres-terrazas-para-un-verano-en-el-cielo-de-madrid\/#primaryimage","url":"https:\/\/ritmoformentera.com\/wp-content\/uploads\/2021\/07\/fondo_portada_06.jpg","contentUrl":"https:\/\/ritmoformentera.com\/wp-content\/uploads\/2021\/07\/fondo_portada_06.jpg","width":1000,"height":1000},{"@type":"BreadcrumbList","@id":"https:\/\/ritmoformentera.com\/en\/revista-yodona-una-experiencia-gourmet-en-la-playa-ritmo-formentera-y-tres-terrazas-para-un-verano-en-el-cielo-de-madrid\/#breadcrumb","itemListElement":[{"@type":"ListItem","position":1,"name":"Portada","item":"https:\/\/ritmoformentera.com\/en\/"},{"@type":"ListItem","position":2,"name":"Revista YoDona. Una experiencia gourmet en la playa, Ritmo Formentera, y tres terrazas para un verano en el cielo de Madrid"}]},{"@type":"WebSite","@id":"https:\/\/ritmoformentera.com\/en\/#website","url":"https:\/\/ritmoformentera.com\/en\/","name":"Ritmo Formentera. Cocktail &amp; Dinner Experience","description":"Ritmo Formentera. Cocktail &amp; Dinner Experience","publisher":{"@id":"https:\/\/ritmoformentera.com\/en\/#organization"},"potentialAction":[{"@type":"SearchAction","target":{"@type":"EntryPoint","urlTemplate":"https:\/\/ritmoformentera.com\/en\/?s={search_term_string}"},"query-input":"required name=search_term_string"}],"inLanguage":"en-US"},{"@type":"Organization","@id":"https:\/\/ritmoformentera.com\/en\/#organization","name":"Ritmo Formentera","url":"https:\/\/ritmoformentera.com\/en\/","logo":{"@type":"ImageObject","inLanguage":"en-US","@id":"https:\/\/ritmoformentera.com\/en\/#\/schema\/logo\/image\/","url":"https:\/\/ritmoformentera.com\/wp-content\/uploads\/2022\/06\/marca_composiciones_mesa-de-trabajo-1-1.png","contentUrl":"https:\/\/ritmoformentera.com\/wp-content\/uploads\/2022\/06\/marca_composiciones_mesa-de-trabajo-1-1.png","width":866,"height":425,"caption":"Ritmo Formentera"},"image":{"@id":"https:\/\/ritmoformentera.com\/en\/#\/schema\/logo\/image\/"}},{"@type":"Person","@id":"https:\/\/ritmoformentera.com\/en\/#\/schema\/person\/f0b305950380b38a14cad855167eca77","name":"administrador","image":{"@type":"ImageObject","inLanguage":"en-US","@id":"https:\/\/ritmoformentera.com\/en\/#\/schema\/person\/image\/","url":"https:\/\/secure.gravatar.com\/avatar\/a0aa2d1d7a2db1ff65f9e317672789bf43b37b785ad81cf6d137af51b60b1ac6?s=96&d=mm&r=g","contentUrl":"https:\/\/secure.gravatar.com\/avatar\/a0aa2d1d7a2db1ff65f9e317672789bf43b37b785ad81cf6d137af51b60b1ac6?s=96&d=mm&r=g","caption":"administrador"},"sameAs":["https:\/\/ritmoformentera.com"],"url":"https:\/\/ritmoformentera.com\/en\/author\/administrador\/"}]}},"_links":{"self":[{"href":"https:\/\/ritmoformentera.com\/en\/wp-json\/wp\/v2\/posts\/459","targetHints":{"allow":["GET"]}}],"collection":[{"href":"https:\/\/ritmoformentera.com\/en\/wp-json\/wp\/v2\/posts"}],"about":[{"href":"https:\/\/ritmoformentera.com\/en\/wp-json\/wp\/v2\/types\/post"}],"author":[{"embeddable":true,"href":"https:\/\/ritmoformentera.com\/en\/wp-json\/wp\/v2\/users\/1"}],"replies":[{"embeddable":true,"href":"https:\/\/ritmoformentera.com\/en\/wp-json\/wp\/v2\/comments?post=459"}],"version-history":[{"count":0,"href":"https:\/\/ritmoformentera.com\/en\/wp-json\/wp\/v2\/posts\/459\/revisions"}],"wp:featuredmedia":[{"embeddable":true,"href":"https:\/\/ritmoformentera.com\/en\/wp-json\/wp\/v2\/media\/350"}],"wp:attachment":[{"href":"https:\/\/ritmoformentera.com\/en\/wp-json\/wp\/v2\/media?parent=459"}],"wp:term":[{"taxonomy":"category","embeddable":true,"href":"https:\/\/ritmoformentera.com\/en\/wp-json\/wp\/v2\/categories?post=459"},{"taxonomy":"post_tag","embeddable":true,"href":"https:\/\/ritmoformentera.com\/en\/wp-json\/wp\/v2\/tags?post=459"}],"curies":[{"name":"wp","href":"https:\/\/api.w.org\/{rel}","templated":true}]}}